{"id":4768,"date":"2022-07-01T13:16:47","date_gmt":"2022-07-01T11:16:47","guid":{"rendered":"https:\/\/floriangodler.hr\/unkategorisiert\/povijest\/"},"modified":"2022-07-14T10:07:28","modified_gmt":"2022-07-14T08:07:28","slug":"geschichte","status":"publish","type":"post","link":"https:\/\/floriangodler.hr\/de\/ziel\/geschichte\/","title":{"rendered":"Geschichte"},"content":{"rendered":"\n<p>Die Stadt Karlovac wurde im 16. Jahrhundert an der Stelle erbaut, an der vier Fl\u00fcsse flie\u00dfen, unter dem der Altstadt von Dubovac. Es wurde als Festung in Form eines sechszackigen Sterns gegr\u00fcndet und hatte die Hauptaufgabe, sich gegen die t\u00fcrkischen Eindringlinge zu verteidigen. Das genaue Datum des Baus von Karlovac ist der 13. Juli 1579, und der Name Karlovac wurde zu Ehren seines Gr\u00fcnders \u2013 des \u00f6sterreichischen Erzherzogs Karl Habsburg \u2013 vergeben.<\/p>\n\n\n\n<p>Die letzte t\u00fcrkische Belagerung von Karlovac erfolgte 1672. Im Laufe der Geschichte hat die Stadt viele Katastrophen erlebt, von \u00dcberschwemmungen und Br\u00e4nden bis hin zur Pest. Das gr\u00f6\u00dfte Feuer ereignete sich 1594, bei dem die gesamte Stadt verbrannt wurde. Die Pestepidemie von 1773 war \u00e4u\u00dferst schwerwiegend und fast die H\u00e4lfte der Bev\u00f6lkerung starb daraufhin. W\u00e4hrend des 16. und 17. Jahrhunderts stand Karlovac unter milit\u00e4rischer Herrschaft. Die B\u00fcrger von Karlovac hatten das Gef\u00fchl, dass die Milit\u00e4rverwaltung die Entwicklung von Karlovac Wirtschaft und Handel behinderte, und sie k\u00e4mpften daf\u00fcr, Karlovac zur \u201cFreien K\u00f6niglichen Stadt\u201d zu erkl\u00e4ren. In seiner Sitzung vom 25. Februar 1770 forderte das kroatische Parlament die R\u00fcckgabe der kroatischen K\u00fcste nach Kroatien und die Ausweisung der Stadt Karlovac als \u201cfreie k\u00f6nigliche Stadt\u201d und die Annexion an das zivile Kroatien. Nach sieben Jahren bestimmte K\u00f6nigin Mary Theresa in ihrem Schreiben vom 9. August 1776, dass die Stadt Karlovac die Position einer freien Stadt erhalten sollte. Im 18. und 19. Jahrhundert erlebte Karlovac sein erstes \u201cGoldenes Zeitalter\u201d und wurde zum wichtigsten Handelszentrum zwischen Adria und Donauraum. Zu dieser Zeit waren die bekanntesten Stra\u00dfen Karolina (Karlovac-Rijeka), Jozefina (Karlovac-Senj) und Lujzijana (Karlovac-Rijeka). Die Luizijana-Stra\u00dfe war die k\u00fcrzeste Verbindung zwischen Karlovac und Rijeka und eine der modernsten Stra\u00dfen der gesamten Monarchie. Mit der Entwicklung des Schiffbaus am Fluss Kupa im 19. Jahrhundert erlebte Karlovac sein zweites \u201cGoldenes Zeitalter\u201d. Karlovac entwickelte sich langsam und wuchs, so dass es zu Beginn des 20. Jahrhunderts die bev\u00f6lkerungs- und wirtschaftsm\u00e4\u00dfig drittgr\u00f6\u00dfte Stadt Kroatiens war. W\u00e4hrend des Zweiten Weltkriegs von 1941 bis 1945 erlebte die Stadt eine der schwierigsten Perioden ihrer Geschichte. Karlovac hat sich im 20. Jahrhundert stark ver\u00e4ndert und ist von einer ehemaligen Industriestadt zu einem wahren politischen, kulturellen und sozialen Zentrum herangewachsen. In j\u00fcngerer Zeit, w\u00e4hrend des Heimatkrieges, war Karlovac ein zentraler Punkt in der Verteidigung Kroatiens. Es gab viele Opfer bei den Angriffen auf die Stadt und die Stadt selbst erlitt enorme wirtschaftliche Sch\u00e4den.<\/p>\n","protected":false},"excerpt":{"rendered":"<p>Die Stadt Karlovac wurde im 16. Jahrhundert an der Stelle erbaut, an der vier Fl\u00fcsse flie\u00dfen, unter dem der Altstadt von Dubovac. Es wurde als Festung<span class=\"excerpt-hellip\"> [\u2026]<\/span><\/p>\n","protected":false},"author":1,"featured_media":4621,"comment_status":"open","ping_status":"open","sticky":false,"template":"","format":"standard","meta":{"footnotes":""},"categories":[27],"tags":[],"class_list":["post-4768","post","type-post","status-publish","format-standard","has-post-thumbnail","hentry","category-ziel"],"yoast_head":"<!-- This site is optimized with the Yoast SEO plugin v19.3 - https:\/\/yoast.com\/wordpress\/plugins\/seo\/ -->\n<title>Geschichte | Hotel Florian &amp; Godler<\/title>\n<meta name=\"robots\" content=\"index, follow, max-snippet:-1, max-image-preview:large, max-video-preview:-1\" \/>\n<link rel=\"canonical\" href=\"https:\/\/floriangodler.hr\/de\/ziel\/geschichte\/\" \/>\n<meta property=\"og:locale\" content=\"de_DE\" \/>\n<meta property=\"og:type\" content=\"article\" \/>\n<meta property=\"og:title\" content=\"Geschichte | Hotel Florian &amp; Godler\" \/>\n<meta property=\"og:description\" content=\"Die Stadt Karlovac wurde im 16. Jahrhundert an der Stelle erbaut, an der vier Fl\u00fcsse flie\u00dfen, unter dem der Altstadt von Dubovac. Es wurde als Festung [\u2026]\" \/>\n<meta property=\"og:url\" content=\"https:\/\/floriangodler.hr\/de\/ziel\/geschichte\/\" \/>\n<meta property=\"og:site_name\" content=\"Hotel Florian &amp; Godler\" \/>\n<meta property=\"article:publisher\" content=\"https:\/\/www.facebook.com\/floriangodler\/\" \/>\n<meta property=\"article:published_time\" content=\"2022-07-01T11:16:47+00:00\" \/>\n<meta property=\"article:modified_time\" content=\"2022-07-14T08:07:28+00:00\" \/>\n<meta property=\"og:image\" content=\"https:\/\/floriangodler.hr\/wp-content\/uploads\/2022\/07\/povijest.jpg\" \/>\n\t<meta property=\"og:image:width\" content=\"900\" \/>\n\t<meta property=\"og:image:height\" content=\"600\" \/>\n\t<meta property=\"og:image:type\" content=\"image\/jpeg\" \/>\n<meta name=\"author\" content=\"info@mijena.com\" \/>\n<meta name=\"twitter:card\" content=\"summary_large_image\" \/>\n<meta name=\"twitter:label1\" content=\"Verfasst von\" \/>\n\t<meta name=\"twitter:data1\" content=\"info@mijena.com\" \/>\n\t<meta name=\"twitter:label2\" content=\"Gesch\u00e4tzte Lesezeit\" \/>\n\t<meta name=\"twitter:data2\" content=\"3\u00a0Minuten\" \/>\n<script type=\"application\/ld+json\" class=\"yoast-schema-graph\">{\"@context\":\"https:\/\/schema.org\",\"@graph\":[{\"@type\":\"Organization\",\"@id\":\"https:\/\/floriangodler.hr\/#organization\",\"name\":\"Hotel Florian & Godler\",\"url\":\"https:\/\/floriangodler.hr\/\",\"sameAs\":[\"https:\/\/www.facebook.com\/floriangodler\/\"],\"logo\":{\"@type\":\"ImageObject\",\"inLanguage\":\"de\",\"@id\":\"https:\/\/floriangodler.hr\/#\/schema\/logo\/image\/\",\"url\":\"https:\/\/floriangodler.hr\/wp-content\/uploads\/2022\/07\/logo-florian-trim-jpg-220x300-1.jpg\",\"contentUrl\":\"https:\/\/floriangodler.hr\/wp-content\/uploads\/2022\/07\/logo-florian-trim-jpg-220x300-1.jpg\",\"width\":220,\"height\":300,\"caption\":\"Hotel Florian & Godler\"},\"image\":{\"@id\":\"https:\/\/floriangodler.hr\/#\/schema\/logo\/image\/\"}},{\"@type\":\"WebSite\",\"@id\":\"https:\/\/floriangodler.hr\/#website\",\"url\":\"https:\/\/floriangodler.hr\/\",\"name\":\"Hotel Florian &amp; Godler\",\"description\":\"Najbolji hotel u Karlovcu\",\"publisher\":{\"@id\":\"https:\/\/floriangodler.hr\/#organization\"},\"potentialAction\":[{\"@type\":\"SearchAction\",\"target\":{\"@type\":\"EntryPoint\",\"urlTemplate\":\"https:\/\/floriangodler.hr\/?s={search_term_string}\"},\"query-input\":\"required name=search_term_string\"}],\"inLanguage\":\"de\"},{\"@type\":\"ImageObject\",\"inLanguage\":\"de\",\"@id\":\"https:\/\/floriangodler.hr\/de\/ziel\/geschichte\/#primaryimage\",\"url\":\"https:\/\/floriangodler.hr\/wp-content\/uploads\/2022\/07\/povijest.jpg\",\"contentUrl\":\"https:\/\/floriangodler.hr\/wp-content\/uploads\/2022\/07\/povijest.jpg\",\"width\":900,\"height\":600},{\"@type\":\"WebPage\",\"@id\":\"https:\/\/floriangodler.hr\/de\/ziel\/geschichte\/\",\"url\":\"https:\/\/floriangodler.hr\/de\/ziel\/geschichte\/\",\"name\":\"Geschichte | Hotel Florian &amp; Godler\",\"isPartOf\":{\"@id\":\"https:\/\/floriangodler.hr\/#website\"},\"primaryImageOfPage\":{\"@id\":\"https:\/\/floriangodler.hr\/de\/ziel\/geschichte\/#primaryimage\"},\"datePublished\":\"2022-07-01T11:16:47+00:00\",\"dateModified\":\"2022-07-14T08:07:28+00:00\",\"breadcrumb\":{\"@id\":\"https:\/\/floriangodler.hr\/de\/ziel\/geschichte\/#breadcrumb\"},\"inLanguage\":\"de\",\"potentialAction\":[{\"@type\":\"ReadAction\",\"target\":[\"https:\/\/floriangodler.hr\/de\/ziel\/geschichte\/\"]}]},{\"@type\":\"BreadcrumbList\",\"@id\":\"https:\/\/floriangodler.hr\/de\/ziel\/geschichte\/#breadcrumb\",\"itemListElement\":[{\"@type\":\"ListItem\",\"position\":1,\"name\":\"Po\u010detna stranica\",\"item\":\"https:\/\/floriangodler.hr\/\"},{\"@type\":\"ListItem\",\"position\":2,\"name\":\"Geschichte\"}]},{\"@type\":\"Article\",\"@id\":\"https:\/\/floriangodler.hr\/de\/ziel\/geschichte\/#article\",\"isPartOf\":{\"@id\":\"https:\/\/floriangodler.hr\/de\/ziel\/geschichte\/\"},\"author\":{\"name\":\"info@mijena.com\",\"@id\":\"https:\/\/floriangodler.hr\/#\/schema\/person\/50089262ba8d68e793ebc66354073d6d\"},\"headline\":\"Geschichte\",\"datePublished\":\"2022-07-01T11:16:47+00:00\",\"dateModified\":\"2022-07-14T08:07:28+00:00\",\"mainEntityOfPage\":{\"@id\":\"https:\/\/floriangodler.hr\/de\/ziel\/geschichte\/\"},\"wordCount\":406,\"commentCount\":0,\"publisher\":{\"@id\":\"https:\/\/floriangodler.hr\/#organization\"},\"image\":{\"@id\":\"https:\/\/floriangodler.hr\/de\/ziel\/geschichte\/#primaryimage\"},\"thumbnailUrl\":\"https:\/\/floriangodler.hr\/wp-content\/uploads\/2022\/07\/povijest.jpg\",\"articleSection\":[\"Ziel\"],\"inLanguage\":\"de\",\"potentialAction\":[{\"@type\":\"CommentAction\",\"name\":\"Comment\",\"target\":[\"https:\/\/floriangodler.hr\/de\/ziel\/geschichte\/#respond\"]}]},{\"@type\":\"Person\",\"@id\":\"https:\/\/floriangodler.hr\/#\/schema\/person\/50089262ba8d68e793ebc66354073d6d\",\"name\":\"info@mijena.com\",\"image\":{\"@type\":\"ImageObject\",\"inLanguage\":\"de\",\"@id\":\"https:\/\/floriangodler.hr\/#\/schema\/person\/image\/\",\"url\":\"https:\/\/secure.gravatar.com\/avatar\/68687e64cc22371676f2524d45e8e82c99a09d5d78f32e4d34e744f15163d9e7?s=96&d=mm&r=g\",\"contentUrl\":\"https:\/\/secure.gravatar.com\/avatar\/68687e64cc22371676f2524d45e8e82c99a09d5d78f32e4d34e744f15163d9e7?s=96&d=mm&r=g\",\"caption\":\"info@mijena.com\"},\"sameAs\":[\"https:\/\/floriangodler.hr\"]}]}<\/script>\n<!-- \/ Yoast SEO plugin. -->","yoast_head_json":{"title":"Geschichte | Hotel Florian &amp; Godler","robots":{"index":"index","follow":"follow","max-snippet":"max-snippet:-1","max-image-preview":"max-image-preview:large","max-video-preview":"max-video-preview:-1"},"canonical":"https:\/\/floriangodler.hr\/de\/ziel\/geschichte\/","og_locale":"de_DE","og_type":"article","og_title":"Geschichte | Hotel Florian &amp; Godler","og_description":"Die Stadt Karlovac wurde im 16. Jahrhundert an der Stelle erbaut, an der vier Fl\u00fcsse flie\u00dfen, unter dem der Altstadt von Dubovac. Es wurde als Festung [\u2026]","og_url":"https:\/\/floriangodler.hr\/de\/ziel\/geschichte\/","og_site_name":"Hotel Florian &amp; Godler","article_publisher":"https:\/\/www.facebook.com\/floriangodler\/","article_published_time":"2022-07-01T11:16:47+00:00","article_modified_time":"2022-07-14T08:07:28+00:00","og_image":[{"width":900,"height":600,"url":"https:\/\/floriangodler.hr\/wp-content\/uploads\/2022\/07\/povijest.jpg","type":"image\/jpeg"}],"author":"info@mijena.com","twitter_card":"summary_large_image","twitter_misc":{"Verfasst von":"info@mijena.com","Gesch\u00e4tzte Lesezeit":"3\u00a0Minuten"},"schema":{"@context":"https:\/\/schema.org","@graph":[{"@type":"Organization","@id":"https:\/\/floriangodler.hr\/#organization","name":"Hotel Florian & Godler","url":"https:\/\/floriangodler.hr\/","sameAs":["https:\/\/www.facebook.com\/floriangodler\/"],"logo":{"@type":"ImageObject","inLanguage":"de","@id":"https:\/\/floriangodler.hr\/#\/schema\/logo\/image\/","url":"https:\/\/floriangodler.hr\/wp-content\/uploads\/2022\/07\/logo-florian-trim-jpg-220x300-1.jpg","contentUrl":"https:\/\/floriangodler.hr\/wp-content\/uploads\/2022\/07\/logo-florian-trim-jpg-220x300-1.jpg","width":220,"height":300,"caption":"Hotel Florian & Godler"},"image":{"@id":"https:\/\/floriangodler.hr\/#\/schema\/logo\/image\/"}},{"@type":"WebSite","@id":"https:\/\/floriangodler.hr\/#website","url":"https:\/\/floriangodler.hr\/","name":"Hotel Florian &amp; Godler","description":"Najbolji hotel u Karlovcu","publisher":{"@id":"https:\/\/floriangodler.hr\/#organization"},"potentialAction":[{"@type":"SearchAction","target":{"@type":"EntryPoint","urlTemplate":"https:\/\/floriangodler.hr\/?s={search_term_string}"},"query-input":"required name=search_term_string"}],"inLanguage":"de"},{"@type":"ImageObject","inLanguage":"de","@id":"https:\/\/floriangodler.hr\/de\/ziel\/geschichte\/#primaryimage","url":"https:\/\/floriangodler.hr\/wp-content\/uploads\/2022\/07\/povijest.jpg","contentUrl":"https:\/\/floriangodler.hr\/wp-content\/uploads\/2022\/07\/povijest.jpg","width":900,"height":600},{"@type":"WebPage","@id":"https:\/\/floriangodler.hr\/de\/ziel\/geschichte\/","url":"https:\/\/floriangodler.hr\/de\/ziel\/geschichte\/","name":"Geschichte | Hotel Florian &amp; Godler","isPartOf":{"@id":"https:\/\/floriangodler.hr\/#website"},"primaryImageOfPage":{"@id":"https:\/\/floriangodler.hr\/de\/ziel\/geschichte\/#primaryimage"},"datePublished":"2022-07-01T11:16:47+00:00","dateModified":"2022-07-14T08:07:28+00:00","breadcrumb":{"@id":"https:\/\/floriangodler.hr\/de\/ziel\/geschichte\/#breadcrumb"},"inLanguage":"de","potentialAction":[{"@type":"ReadAction","target":["https:\/\/floriangodler.hr\/de\/ziel\/geschichte\/"]}]},{"@type":"BreadcrumbList","@id":"https:\/\/floriangodler.hr\/de\/ziel\/geschichte\/#breadcrumb","itemListElement":[{"@type":"ListItem","position":1,"name":"Po\u010detna stranica","item":"https:\/\/floriangodler.hr\/"},{"@type":"ListItem","position":2,"name":"Geschichte"}]},{"@type":"Article","@id":"https:\/\/floriangodler.hr\/de\/ziel\/geschichte\/#article","isPartOf":{"@id":"https:\/\/floriangodler.hr\/de\/ziel\/geschichte\/"},"author":{"name":"info@mijena.com","@id":"https:\/\/floriangodler.hr\/#\/schema\/person\/50089262ba8d68e793ebc66354073d6d"},"headline":"Geschichte","datePublished":"2022-07-01T11:16:47+00:00","dateModified":"2022-07-14T08:07:28+00:00","mainEntityOfPage":{"@id":"https:\/\/floriangodler.hr\/de\/ziel\/geschichte\/"},"wordCount":406,"commentCount":0,"publisher":{"@id":"https:\/\/floriangodler.hr\/#organization"},"image":{"@id":"https:\/\/floriangodler.hr\/de\/ziel\/geschichte\/#primaryimage"},"thumbnailUrl":"https:\/\/floriangodler.hr\/wp-content\/uploads\/2022\/07\/povijest.jpg","articleSection":["Ziel"],"inLanguage":"de","potentialAction":[{"@type":"CommentAction","name":"Comment","target":["https:\/\/floriangodler.hr\/de\/ziel\/geschichte\/#respond"]}]},{"@type":"Person","@id":"https:\/\/floriangodler.hr\/#\/schema\/person\/50089262ba8d68e793ebc66354073d6d","name":"info@mijena.com","image":{"@type":"ImageObject","inLanguage":"de","@id":"https:\/\/floriangodler.hr\/#\/schema\/person\/image\/","url":"https:\/\/secure.gravatar.com\/avatar\/68687e64cc22371676f2524d45e8e82c99a09d5d78f32e4d34e744f15163d9e7?s=96&d=mm&r=g","contentUrl":"https:\/\/secure.gravatar.com\/avatar\/68687e64cc22371676f2524d45e8e82c99a09d5d78f32e4d34e744f15163d9e7?s=96&d=mm&r=g","caption":"info@mijena.com"},"sameAs":["https:\/\/floriangodler.hr"]}]}},"_links":{"self":[{"href":"https:\/\/floriangodler.hr\/de\/wp-json\/wp\/v2\/posts\/4768","targetHints":{"allow":["GET"]}}],"collection":[{"href":"https:\/\/floriangodler.hr\/de\/wp-json\/wp\/v2\/posts"}],"about":[{"href":"https:\/\/floriangodler.hr\/de\/wp-json\/wp\/v2\/types\/post"}],"author":[{"embeddable":true,"href":"https:\/\/floriangodler.hr\/de\/wp-json\/wp\/v2\/users\/1"}],"replies":[{"embeddable":true,"href":"https:\/\/floriangodler.hr\/de\/wp-json\/wp\/v2\/comments?post=4768"}],"version-history":[{"count":1,"href":"https:\/\/floriangodler.hr\/de\/wp-json\/wp\/v2\/posts\/4768\/revisions"}],"predecessor-version":[{"id":4930,"href":"https:\/\/floriangodler.hr\/de\/wp-json\/wp\/v2\/posts\/4768\/revisions\/4930"}],"wp:featuredmedia":[{"embeddable":true,"href":"https:\/\/floriangodler.hr\/de\/wp-json\/wp\/v2\/media\/4621"}],"wp:attachment":[{"href":"https:\/\/floriangodler.hr\/de\/wp-json\/wp\/v2\/media?parent=4768"}],"wp:term":[{"taxonomy":"category","embeddable":true,"href":"https:\/\/floriangodler.hr\/de\/wp-json\/wp\/v2\/categories?post=4768"},{"taxonomy":"post_tag","embeddable":true,"href":"https:\/\/floriangodler.hr\/de\/wp-json\/wp\/v2\/tags?post=4768"}],"curies":[{"name":"wp","href":"https:\/\/api.w.org\/{rel}","templated":true}]}}